{"id":757,"date":"2022-11-08T19:26:07","date_gmt":"2022-11-08T18:26:07","guid":{"rendered":"https:\/\/ace-partner.org\/ramr2d\/?p=757"},"modified":"2022-11-08T19:47:11","modified_gmt":"2022-11-08T18:47:11","slug":"afd-15eme-conference-internationale-de-recherche-soutenabilite-forte","status":"publish","type":"post","link":"https:\/\/ace-partner.org\/ramr2d\/757\/afd-15eme-conference-internationale-de-recherche-soutenabilite-forte\/","title":{"rendered":"AFD 15\u00e8me conf\u00e9rence internationale de recherche &#8211; Soutenabilit\u00e9 forte \u00ab Les trajectoires de d\u00e9veloppement Net Zero sont-elles soutenables ? \u00bb"},"content":{"rendered":"\n<div class=\"wp-block-image\"><figure class=\"aligncenter is-resized\"><a href=\"https:\/\/livee.com\/event\/afdstrongsustainability\/french\/s_736771\/l\/Event-01-Homepage\"><img decoding=\"async\" loading=\"lazy\" src=\"https:\/\/livee.com\/files\/afdstrongsustainability\/img\/afd_logo_fr_cartouche.png\" alt=\"\" width=\"402\" height=\"130\"\/><\/a><\/figure><\/div>\n\n\n\n<p>La conf\u00e9rence s\u2019inscrit dans un cycle de conf\u00e9rences organis\u00e9es par l\u2019AFD de mani\u00e8re bisannuelle pour aborder des questions cl\u00e9s du d\u00e9veloppement telles que les biens communs, les in\u00e9galit\u00e9s ou le financement du d\u00e9veloppement.<\/p>\n\n\n\n<p>A l\u2019\u00e8re de la multiplication de crises globales dans plusieurs domaines &#8211;&nbsp;sant\u00e9, environnement, finance &#8211; et de l&rsquo;accroissement des mobilisations de la soci\u00e9t\u00e9 civile en faveur d\u2019une transition juste et \u00e9quitable, la question&nbsp;de<strong> la coh\u00e9rence op\u00e9rationnelle du cadre ODD, des trajectoires de d\u00e9veloppement et de leurs (in-) soutenabilit\u00e9s <\/strong>se sont hiss\u00e9es au c\u0153ur de nombreux d\u00e9bats politiques. <\/p>\n\n\n\n<p>La 15\u00e8me conf\u00e9rence internationale de recherche marque <strong>un point d\u2019\u00e9tape des r\u00e9flexions autour de ce concept.<\/strong> <strong>Son programme pluridisciplinaire est structur\u00e9 autour de <a href=\"https:\/\/www.afd.fr\/en\/ressources\/strong-sustainability-approach-development-trajectories\">trois principes<\/a> de la soutenabilit\u00e9 forte<\/strong> qui visent \u00e0 guider l\u2019\u00e9laboration de trajectoires : la non-substituabilit\u00e9 entre capitaux, la multidimensionnalit\u00e9 et le construit social. Cet \u00e9v\u00e8nement se compose de <strong>deux journ\u00e9es acad\u00e9miques <\/strong>et <strong>d\u2019une journ\u00e9e politique<\/strong> qui associeront \u00e9clairages acad\u00e9miques, t\u00e9moignages et recommandations <strong>\u00e0 l\u2019attention du secteur public et priv\u00e9<\/strong> afin de mieux faire face aux d\u00e9fis politiques, environnementaux, \u00e9conomiques et sociaux dans le domaine du d\u00e9veloppement.<\/p>\n\n\n\n<blockquote class=\"wp-block-quote\"><p><strong>Retrouvez Patrice EBAH, coordinateur du r\u00e9seau Activit\u00e9 mini\u00e8re et d\u00e9veloppement durable &#8211; RAMR2D, dans la session parall\u00e8le n\u00b02, le 7 d\u00e9cembre \u00e0 17h : Le droit comme levier pour r\u00e9pondre \u00e0 la probl\u00e9matique de l&rsquo;exploitation mini\u00e8re responsable en Afrique de l&rsquo;Ouest : Analyses des pr\u00e9occupations environnementales et sociales \u00e0 la lumi\u00e8re de la l\u00e9gislation mini\u00e8re en C\u00f4te d&rsquo;Ivoire, au Niger et en Guin\u00e9e. <\/strong><\/p><\/blockquote>\n\n\n\n<p><strong>Comment assister \u00e0 la conf\u00e9rence ?<\/strong><\/p>\n\n\n\n<p>Cette ann\u00e9e, l\u2019\u00e9v\u00e8nement se tiendra dans un <strong>format hybride<\/strong>, avec la possibilit\u00e9 d\u2019assister \u00e0 la conf\u00e9rence soit dans l\u2019<a href=\"https:\/\/www.eceee.org\/static\/media\/uploads\/site-2\/Events\/Files\/plan-mistral.pdf\">Auditorium Nelson Mandela de l\u2019AFD au Mistral<\/a> (7 et 8 d\u00e9cembre) et dans l\u2019<a href=\"https:\/\/cdn.cncc.fr\/download\/acces-espace-du-centenaire.pdf\">Espace du Centenaire<\/a> (9 d\u00e9cembre), soit \u00e0 partir de la <a href=\"https:\/\/livee.com\/event\/afdstrongsustainability\/french\/s_736771\/l\/Event-01-Homepage\">plateforme num\u00e9rique d\u00e9di\u00e9e<\/a>. <br><strong>Inscriptions<\/strong>  &gt;&gt; <a href=\"https:\/\/livee.com\/event\/afdstrongsustainability\/french\/s_736771\/l\/Event-01-Homepage\" target=\"_blank\" rel=\"noreferrer noopener\">https:\/\/livee.com\/event\/afdstrongsustainability\/french\/s_736771\/l\/Event-01-Homepage<\/a><\/p>\n\n\n\n<figure class=\"wp-block-embed aligncenter is-type-video is-provider-youtube wp-block-embed-youtube wp-embed-aspect-16-9 wp-has-aspect-ratio\"><div class=\"wp-block-embed__wrapper\">\n<iframe loading=\"lazy\" title=\"Soutenabilit\u00e9 forte : concilier les objectifs environnementaux, sociaux et \u00e9conomiques\" width=\"500\" height=\"281\" src=\"https:\/\/www.youtube.com\/embed\/3lYClDIBcWQ?feature=oembed\" frameborder=\"0\" allow=\"accelerometer; autoplay; clipboard-write; encrypted-media; gyroscope; picture-in-picture\" allowfullscreen><\/iframe>\n<\/div><\/figure>\n\n\n\n<p><br>&nbsp;<\/p>\n","protected":false},"excerpt":{"rendered":"<p>La conf\u00e9rence s\u2019inscrit dans un cycle de conf\u00e9rences organis\u00e9es par l\u2019AFD de mani\u00e8re bisannuelle pour aborder des questions cl\u00e9s du d\u00e9veloppement telles que les biens communs, les in\u00e9galit\u00e9s ou le financement du d\u00e9veloppement. A l\u2019\u00e8re de la multiplication de crises globales dans plusieurs domaines &#8211;&nbsp;sant\u00e9, environnement, finance &#8211; et de l&rsquo;accroissement des mobilisations de la [&hellip;]<\/p>\n","protected":false},"author":13,"featured_media":785,"comment_status":"closed","ping_status":"closed","sticky":false,"template":"","format":"standard","meta":{"inline_featured_image":false,"footnotes":""},"categories":[1],"tags":[],"acf":[],"yoast_head":"<!-- This site is optimized with the Yoast SEO plugin v20.13 - https:\/\/yoast.com\/wordpress\/plugins\/seo\/ -->\n<title>AFD 15\u00e8me conf\u00e9rence internationale de recherche - Soutenabilit\u00e9 forte \u00ab Les trajectoires de d\u00e9veloppement Net Zero sont-elles soutenables ? \u00bb - RAMR2D<\/title>\n<meta name=\"description\" content=\"A l\u2019\u00e8re de la multiplication de crises globales dans plusieurs domaines -\u00a0sant\u00e9, environnement, finance - et de l&#039;accroissement des mobilisations de la soci\u00e9t\u00e9 civile en faveur d\u2019une transition juste et \u00e9quitable, la question\u00a0de la coh\u00e9rence op\u00e9rationnelle du cadre ODD, des trajectoires de d\u00e9veloppement et de leurs (in-) soutenabilit\u00e9s se sont hiss\u00e9es au c\u0153ur de nombreux d\u00e9bats politiques.\" \/>\n<meta name=\"robots\" content=\"index, follow, max-snippet:-1, max-image-preview:large, max-video-preview:-1\" \/>\n<link rel=\"canonical\" href=\"https:\/\/ace-partner.org\/ramr2d\/757\/afd-15eme-conference-internationale-de-recherche-soutenabilite-forte\/\" \/>\n<meta property=\"og:locale\" content=\"fr_FR\" \/>\n<meta property=\"og:type\" content=\"article\" \/>\n<meta property=\"og:title\" content=\"AFD 15\u00e8me conf\u00e9rence internationale de recherche - Soutenabilit\u00e9 forte\" \/>\n<meta property=\"og:description\" content=\"A l\u2019\u00e8re de la multiplication de crises globales dans plusieurs domaines -\u00a0sant\u00e9, environnement, finance - et de l&#039;accroissement des mobilisations de la soci\u00e9t\u00e9 civile en faveur d\u2019une transition juste et \u00e9quitable, la question\u00a0de la coh\u00e9rence op\u00e9rationnelle du cadre ODD, des trajectoires de d\u00e9veloppement et de leurs (in-) soutenabilit\u00e9s se sont hiss\u00e9es au c\u0153ur de nombreux d\u00e9bats politiques.\" \/>\n<meta property=\"og:url\" content=\"https:\/\/ace-partner.org\/ramr2d\/757\/afd-15eme-conference-internationale-de-recherche-soutenabilite-forte\/\" \/>\n<meta property=\"og:site_name\" content=\"RAMR2D\" \/>\n<meta property=\"article:published_time\" content=\"2022-11-08T18:26:07+00:00\" \/>\n<meta property=\"article:modified_time\" content=\"2022-11-08T18:47:11+00:00\" \/>\n<meta property=\"og:image\" content=\"https:\/\/ace-partner.org\/ramr2d\/wp-content\/uploads\/sites\/3\/2022\/11\/afd_logo_fr_cartouche.png\" \/>\n\t<meta property=\"og:image:width\" content=\"804\" \/>\n\t<meta property=\"og:image:height\" content=\"260\" \/>\n\t<meta property=\"og:image:type\" content=\"image\/png\" \/>\n<meta name=\"author\" content=\"sandrinefagnoni\" \/>\n<meta name=\"twitter:card\" content=\"summary_large_image\" \/>\n<meta name=\"twitter:title\" content=\"AFD 15\u00e8me conf\u00e9rence internationale de recherche - Soutenabilit\u00e9 forte\" \/>\n<meta name=\"twitter:description\" content=\"A l\u2019\u00e8re de la multiplication de crises globales dans plusieurs domaines -\u00a0sant\u00e9, environnement, finance - et de l&#039;accroissement des mobilisations de la soci\u00e9t\u00e9 civile en faveur d\u2019une transition juste et \u00e9quitable, la question\u00a0de la coh\u00e9rence op\u00e9rationnelle du cadre ODD, des trajectoires de d\u00e9veloppement et de leurs (in-) soutenabilit\u00e9s se sont hiss\u00e9es au c\u0153ur de nombreux d\u00e9bats politiques.\" \/>\n<meta name=\"twitter:label1\" content=\"\u00c9crit par\" \/>\n\t<meta name=\"twitter:data1\" content=\"sandrinefagnoni\" \/>\n\t<meta name=\"twitter:label2\" content=\"Dur\u00e9e de lecture estim\u00e9e\" \/>\n\t<meta name=\"twitter:data2\" content=\"2 minutes\" \/>\n<script type=\"application\/ld+json\" class=\"yoast-schema-graph\">{\"@context\":\"https:\/\/schema.org\",\"@graph\":[{\"@type\":\"Article\",\"@id\":\"https:\/\/ace-partner.org\/ramr2d\/757\/afd-15eme-conference-internationale-de-recherche-soutenabilite-forte\/#article\",\"isPartOf\":{\"@id\":\"https:\/\/ace-partner.org\/ramr2d\/757\/afd-15eme-conference-internationale-de-recherche-soutenabilite-forte\/\"},\"author\":{\"name\":\"sandrinefagnoni\",\"@id\":\"https:\/\/ace-partner.org\/ramr2d\/#\/schema\/person\/be0aa03982b2c9eb6cec4402bf2ccfab\"},\"headline\":\"AFD 15\u00e8me conf\u00e9rence internationale de recherche &#8211; Soutenabilit\u00e9 forte \u00ab Les trajectoires de d\u00e9veloppement Net Zero sont-elles soutenables ? \u00bb\",\"datePublished\":\"2022-11-08T18:26:07+00:00\",\"dateModified\":\"2022-11-08T18:47:11+00:00\",\"mainEntityOfPage\":{\"@id\":\"https:\/\/ace-partner.org\/ramr2d\/757\/afd-15eme-conference-internationale-de-recherche-soutenabilite-forte\/\"},\"wordCount\":389,\"publisher\":{\"@id\":\"https:\/\/ace-partner.org\/ramr2d\/#organization\"},\"articleSection\":[\"Non classifi\u00e9(e)\"],\"inLanguage\":\"fr-FR\"},{\"@type\":\"WebPage\",\"@id\":\"https:\/\/ace-partner.org\/ramr2d\/757\/afd-15eme-conference-internationale-de-recherche-soutenabilite-forte\/\",\"url\":\"https:\/\/ace-partner.org\/ramr2d\/757\/afd-15eme-conference-internationale-de-recherche-soutenabilite-forte\/\",\"name\":\"AFD 15\u00e8me conf\u00e9rence internationale de recherche - Soutenabilit\u00e9 forte \u00ab Les trajectoires de d\u00e9veloppement Net Zero sont-elles soutenables ? \u00bb - RAMR2D\",\"isPartOf\":{\"@id\":\"https:\/\/ace-partner.org\/ramr2d\/#website\"},\"datePublished\":\"2022-11-08T18:26:07+00:00\",\"dateModified\":\"2022-11-08T18:47:11+00:00\",\"description\":\"A l\u2019\u00e8re de la multiplication de crises globales dans plusieurs domaines -\u00a0sant\u00e9, environnement, finance - et de l'accroissement des mobilisations de la soci\u00e9t\u00e9 civile en faveur d\u2019une transition juste et \u00e9quitable, la question\u00a0de la coh\u00e9rence op\u00e9rationnelle du cadre ODD, des trajectoires de d\u00e9veloppement et de leurs (in-) soutenabilit\u00e9s se sont hiss\u00e9es au c\u0153ur de nombreux d\u00e9bats politiques.\",\"breadcrumb\":{\"@id\":\"https:\/\/ace-partner.org\/ramr2d\/757\/afd-15eme-conference-internationale-de-recherche-soutenabilite-forte\/#breadcrumb\"},\"inLanguage\":\"fr-FR\",\"potentialAction\":[{\"@type\":\"ReadAction\",\"target\":[\"https:\/\/ace-partner.org\/ramr2d\/757\/afd-15eme-conference-internationale-de-recherche-soutenabilite-forte\/\"]}]},{\"@type\":\"BreadcrumbList\",\"@id\":\"https:\/\/ace-partner.org\/ramr2d\/757\/afd-15eme-conference-internationale-de-recherche-soutenabilite-forte\/#breadcrumb\",\"itemListElement\":[{\"@type\":\"ListItem\",\"position\":1,\"name\":\"Accueil\",\"item\":\"https:\/\/ace-partner.org\/ramr2d\/\"},{\"@type\":\"ListItem\",\"position\":2,\"name\":\"AFD 15\u00e8me conf\u00e9rence internationale de recherche &#8211; Soutenabilit\u00e9 forte \u00ab Les trajectoires de d\u00e9veloppement Net Zero sont-elles soutenables ? \u00bb\"}]},{\"@type\":\"WebSite\",\"@id\":\"https:\/\/ace-partner.org\/ramr2d\/#website\",\"url\":\"https:\/\/ace-partner.org\/ramr2d\/\",\"name\":\"RAMR2D\",\"description\":\"Activit\u00e9 mini\u00e8re responsable &amp; d\u00e9veloppement durable\",\"publisher\":{\"@id\":\"https:\/\/ace-partner.org\/ramr2d\/#organization\"},\"potentialAction\":[{\"@type\":\"SearchAction\",\"target\":{\"@type\":\"EntryPoint\",\"urlTemplate\":\"https:\/\/ace-partner.org\/ramr2d\/?s={search_term_string}\"},\"query-input\":\"required name=search_term_string\"}],\"inLanguage\":\"fr-FR\"},{\"@type\":\"Organization\",\"@id\":\"https:\/\/ace-partner.org\/ramr2d\/#organization\",\"name\":\"RAMR2D\",\"url\":\"https:\/\/ace-partner.org\/ramr2d\/\",\"logo\":{\"@type\":\"ImageObject\",\"inLanguage\":\"fr-FR\",\"@id\":\"https:\/\/ace-partner.org\/ramr2d\/#\/schema\/logo\/image\/\",\"url\":\"https:\/\/ace-partner.org\/ramr2d\/wp-content\/uploads\/sites\/3\/2021\/08\/RAMR2D.webp\",\"contentUrl\":\"https:\/\/ace-partner.org\/ramr2d\/wp-content\/uploads\/sites\/3\/2021\/08\/RAMR2D.webp\",\"width\":82,\"height\":52,\"caption\":\"RAMR2D\"},\"image\":{\"@id\":\"https:\/\/ace-partner.org\/ramr2d\/#\/schema\/logo\/image\/\"}},{\"@type\":\"Person\",\"@id\":\"https:\/\/ace-partner.org\/ramr2d\/#\/schema\/person\/be0aa03982b2c9eb6cec4402bf2ccfab\",\"name\":\"sandrinefagnoni\",\"image\":{\"@type\":\"ImageObject\",\"inLanguage\":\"fr-FR\",\"@id\":\"https:\/\/ace-partner.org\/ramr2d\/#\/schema\/person\/image\/\",\"url\":\"https:\/\/secure.gravatar.com\/avatar\/503cb5ad97a7ed05a880aa7fc9abcb85?s=96&d=mm&r=g\",\"contentUrl\":\"https:\/\/secure.gravatar.com\/avatar\/503cb5ad97a7ed05a880aa7fc9abcb85?s=96&d=mm&r=g\",\"caption\":\"sandrinefagnoni\"},\"url\":\"https:\/\/ace-partner.org\/ramr2d\/author\/sandrinefagnoni\/\"}]}<\/script>\n<!-- \/ Yoast SEO plugin. -->","yoast_head_json":{"title":"AFD 15\u00e8me conf\u00e9rence internationale de recherche - Soutenabilit\u00e9 forte \u00ab Les trajectoires de d\u00e9veloppement Net Zero sont-elles soutenables ? \u00bb - RAMR2D","description":"A l\u2019\u00e8re de la multiplication de crises globales dans plusieurs domaines -\u00a0sant\u00e9, environnement, finance - et de l'accroissement des mobilisations de la soci\u00e9t\u00e9 civile en faveur d\u2019une transition juste et \u00e9quitable, la question\u00a0de la coh\u00e9rence op\u00e9rationnelle du cadre ODD, des trajectoires de d\u00e9veloppement et de leurs (in-) soutenabilit\u00e9s se sont hiss\u00e9es au c\u0153ur de nombreux d\u00e9bats politiques.","robots":{"index":"index","follow":"follow","max-snippet":"max-snippet:-1","max-image-preview":"max-image-preview:large","max-video-preview":"max-video-preview:-1"},"canonical":"https:\/\/ace-partner.org\/ramr2d\/757\/afd-15eme-conference-internationale-de-recherche-soutenabilite-forte\/","og_locale":"fr_FR","og_type":"article","og_title":"AFD 15\u00e8me conf\u00e9rence internationale de recherche - Soutenabilit\u00e9 forte","og_description":"A l\u2019\u00e8re de la multiplication de crises globales dans plusieurs domaines -\u00a0sant\u00e9, environnement, finance - et de l'accroissement des mobilisations de la soci\u00e9t\u00e9 civile en faveur d\u2019une transition juste et \u00e9quitable, la question\u00a0de la coh\u00e9rence op\u00e9rationnelle du cadre ODD, des trajectoires de d\u00e9veloppement et de leurs (in-) soutenabilit\u00e9s se sont hiss\u00e9es au c\u0153ur de nombreux d\u00e9bats politiques.","og_url":"https:\/\/ace-partner.org\/ramr2d\/757\/afd-15eme-conference-internationale-de-recherche-soutenabilite-forte\/","og_site_name":"RAMR2D","article_published_time":"2022-11-08T18:26:07+00:00","article_modified_time":"2022-11-08T18:47:11+00:00","og_image":[{"width":804,"height":260,"url":"https:\/\/ace-partner.org\/ramr2d\/wp-content\/uploads\/sites\/3\/2022\/11\/afd_logo_fr_cartouche.png","type":"image\/png"}],"author":"sandrinefagnoni","twitter_card":"summary_large_image","twitter_title":"AFD 15\u00e8me conf\u00e9rence internationale de recherche - Soutenabilit\u00e9 forte","twitter_description":"A l\u2019\u00e8re de la multiplication de crises globales dans plusieurs domaines -\u00a0sant\u00e9, environnement, finance - et de l'accroissement des mobilisations de la soci\u00e9t\u00e9 civile en faveur d\u2019une transition juste et \u00e9quitable, la question\u00a0de la coh\u00e9rence op\u00e9rationnelle du cadre ODD, des trajectoires de d\u00e9veloppement et de leurs (in-) soutenabilit\u00e9s se sont hiss\u00e9es au c\u0153ur de nombreux d\u00e9bats politiques.","twitter_misc":{"\u00c9crit par":"sandrinefagnoni","Dur\u00e9e de lecture estim\u00e9e":"2 minutes"},"schema":{"@context":"https:\/\/schema.org","@graph":[{"@type":"Article","@id":"https:\/\/ace-partner.org\/ramr2d\/757\/afd-15eme-conference-internationale-de-recherche-soutenabilite-forte\/#article","isPartOf":{"@id":"https:\/\/ace-partner.org\/ramr2d\/757\/afd-15eme-conference-internationale-de-recherche-soutenabilite-forte\/"},"author":{"name":"sandrinefagnoni","@id":"https:\/\/ace-partner.org\/ramr2d\/#\/schema\/person\/be0aa03982b2c9eb6cec4402bf2ccfab"},"headline":"AFD 15\u00e8me conf\u00e9rence internationale de recherche &#8211; Soutenabilit\u00e9 forte \u00ab Les trajectoires de d\u00e9veloppement Net Zero sont-elles soutenables ? \u00bb","datePublished":"2022-11-08T18:26:07+00:00","dateModified":"2022-11-08T18:47:11+00:00","mainEntityOfPage":{"@id":"https:\/\/ace-partner.org\/ramr2d\/757\/afd-15eme-conference-internationale-de-recherche-soutenabilite-forte\/"},"wordCount":389,"publisher":{"@id":"https:\/\/ace-partner.org\/ramr2d\/#organization"},"articleSection":["Non classifi\u00e9(e)"],"inLanguage":"fr-FR"},{"@type":"WebPage","@id":"https:\/\/ace-partner.org\/ramr2d\/757\/afd-15eme-conference-internationale-de-recherche-soutenabilite-forte\/","url":"https:\/\/ace-partner.org\/ramr2d\/757\/afd-15eme-conference-internationale-de-recherche-soutenabilite-forte\/","name":"AFD 15\u00e8me conf\u00e9rence internationale de recherche - Soutenabilit\u00e9 forte \u00ab Les trajectoires de d\u00e9veloppement Net Zero sont-elles soutenables ? \u00bb - RAMR2D","isPartOf":{"@id":"https:\/\/ace-partner.org\/ramr2d\/#website"},"datePublished":"2022-11-08T18:26:07+00:00","dateModified":"2022-11-08T18:47:11+00:00","description":"A l\u2019\u00e8re de la multiplication de crises globales dans plusieurs domaines -\u00a0sant\u00e9, environnement, finance - et de l'accroissement des mobilisations de la soci\u00e9t\u00e9 civile en faveur d\u2019une transition juste et \u00e9quitable, la question\u00a0de la coh\u00e9rence op\u00e9rationnelle du cadre ODD, des trajectoires de d\u00e9veloppement et de leurs (in-) soutenabilit\u00e9s se sont hiss\u00e9es au c\u0153ur de nombreux d\u00e9bats politiques.","breadcrumb":{"@id":"https:\/\/ace-partner.org\/ramr2d\/757\/afd-15eme-conference-internationale-de-recherche-soutenabilite-forte\/#breadcrumb"},"inLanguage":"fr-FR","potentialAction":[{"@type":"ReadAction","target":["https:\/\/ace-partner.org\/ramr2d\/757\/afd-15eme-conference-internationale-de-recherche-soutenabilite-forte\/"]}]},{"@type":"BreadcrumbList","@id":"https:\/\/ace-partner.org\/ramr2d\/757\/afd-15eme-conference-internationale-de-recherche-soutenabilite-forte\/#breadcrumb","itemListElement":[{"@type":"ListItem","position":1,"name":"Accueil","item":"https:\/\/ace-partner.org\/ramr2d\/"},{"@type":"ListItem","position":2,"name":"AFD 15\u00e8me conf\u00e9rence internationale de recherche &#8211; Soutenabilit\u00e9 forte \u00ab Les trajectoires de d\u00e9veloppement Net Zero sont-elles soutenables ? \u00bb"}]},{"@type":"WebSite","@id":"https:\/\/ace-partner.org\/ramr2d\/#website","url":"https:\/\/ace-partner.org\/ramr2d\/","name":"RAMR2D","description":"Activit\u00e9 mini\u00e8re responsable &amp; d\u00e9veloppement durable","publisher":{"@id":"https:\/\/ace-partner.org\/ramr2d\/#organization"},"potentialAction":[{"@type":"SearchAction","target":{"@type":"EntryPoint","urlTemplate":"https:\/\/ace-partner.org\/ramr2d\/?s={search_term_string}"},"query-input":"required name=search_term_string"}],"inLanguage":"fr-FR"},{"@type":"Organization","@id":"https:\/\/ace-partner.org\/ramr2d\/#organization","name":"RAMR2D","url":"https:\/\/ace-partner.org\/ramr2d\/","logo":{"@type":"ImageObject","inLanguage":"fr-FR","@id":"https:\/\/ace-partner.org\/ramr2d\/#\/schema\/logo\/image\/","url":"https:\/\/ace-partner.org\/ramr2d\/wp-content\/uploads\/sites\/3\/2021\/08\/RAMR2D.webp","contentUrl":"https:\/\/ace-partner.org\/ramr2d\/wp-content\/uploads\/sites\/3\/2021\/08\/RAMR2D.webp","width":82,"height":52,"caption":"RAMR2D"},"image":{"@id":"https:\/\/ace-partner.org\/ramr2d\/#\/schema\/logo\/image\/"}},{"@type":"Person","@id":"https:\/\/ace-partner.org\/ramr2d\/#\/schema\/person\/be0aa03982b2c9eb6cec4402bf2ccfab","name":"sandrinefagnoni","image":{"@type":"ImageObject","inLanguage":"fr-FR","@id":"https:\/\/ace-partner.org\/ramr2d\/#\/schema\/person\/image\/","url":"https:\/\/secure.gravatar.com\/avatar\/503cb5ad97a7ed05a880aa7fc9abcb85?s=96&d=mm&r=g","contentUrl":"https:\/\/secure.gravatar.com\/avatar\/503cb5ad97a7ed05a880aa7fc9abcb85?s=96&d=mm&r=g","caption":"sandrinefagnoni"},"url":"https:\/\/ace-partner.org\/ramr2d\/author\/sandrinefagnoni\/"}]}},"_links":{"self":[{"href":"https:\/\/ace-partner.org\/ramr2d\/wp-json\/wp\/v2\/posts\/757"}],"collection":[{"href":"https:\/\/ace-partner.org\/ramr2d\/wp-json\/wp\/v2\/posts"}],"about":[{"href":"https:\/\/ace-partner.org\/ramr2d\/wp-json\/wp\/v2\/types\/post"}],"author":[{"embeddable":true,"href":"https:\/\/ace-partner.org\/ramr2d\/wp-json\/wp\/v2\/users\/13"}],"replies":[{"embeddable":true,"href":"https:\/\/ace-partner.org\/ramr2d\/wp-json\/wp\/v2\/comments?post=757"}],"version-history":[{"count":3,"href":"https:\/\/ace-partner.org\/ramr2d\/wp-json\/wp\/v2\/posts\/757\/revisions"}],"predecessor-version":[{"id":787,"href":"https:\/\/ace-partner.org\/ramr2d\/wp-json\/wp\/v2\/posts\/757\/revisions\/787"}],"wp:featuredmedia":[{"embeddable":true,"href":"https:\/\/ace-partner.org\/ramr2d\/wp-json\/wp\/v2\/media\/785"}],"wp:attachment":[{"href":"https:\/\/ace-partner.org\/ramr2d\/wp-json\/wp\/v2\/media?parent=757"}],"wp:term":[{"taxonomy":"category","embeddable":true,"href":"https:\/\/ace-partner.org\/ramr2d\/wp-json\/wp\/v2\/categories?post=757"},{"taxonomy":"post_tag","embeddable":true,"href":"https:\/\/ace-partner.org\/ramr2d\/wp-json\/wp\/v2\/tags?post=757"}],"curies":[{"name":"wp","href":"https:\/\/api.w.org\/{rel}","templated":true}]}}